{"id":1956,"date":"2021-12-08T01:15:21","date_gmt":"2021-12-08T01:15:21","guid":{"rendered":"https:\/\/memorialecoactivistas.org\/?p=1956"},"modified":"2022-01-24T00:37:40","modified_gmt":"2022-01-24T00:37:40","slug":"julian-carrillo-martinez-activista-y-defensor-raramuri-de-la-comunidad-coloradas-de-la-virgen","status":"publish","type":"post","link":"https:\/\/memorialecoactivistas.org\/?p=1956","title":{"rendered":"Juli\u00e1n Carrillo Mart\u00ednez, activista y defensor rar\u00e1muri"},"content":{"rendered":"<h1>\n<p class=\"p1\"><b>Juli\u00e1n Carrillo Mart\u00ednez<\/b><\/p>\n<\/h1>\n<h3>\n<p class=\"p1\">Activista y defensor rar\u00e1muri<\/p>\n<\/h3>\n<p><img decoding=\"async\" src=\"\/wp-content\/uploads\/2021\/12\/Julian-Carrillo-Mtz.jpg\" alt=\"\"><\/p>\n<div>\n<ul>\n<li><strong>Naci\u00f3<\/strong> \u2013 fecha desconocida.<\/li>\n<li><strong>Muri\u00f3<\/strong> el 24 de octubre de 2018. Fue asesinado por impactos de municiones de alto calibre en Chihuahua. Anteriormente hab\u00edan sido asesinados otros 4 familiares por su activismo. Su familia ha recibido diversos tipos de agresiones y se han desplazado por temor.<\/li>\n<\/ul>\n<p><strong>La lucha de Juli\u00e1n Carrillo Mart\u00ednez<\/strong><\/p>\n<p>Activista y defensor rar\u00e1muri de la comunidad Coloradas de la Virgen, del municipio de Guadalupe y Calvo, Chihuahua. Era miembro de la Alianza Sierra Madre A.C. (ASMAC).<\/p>\n<p>Fue una persona que dedic\u00f3 su vida a la defensa del bosque y de su comunidad; se opon\u00eda a la miner\u00eda y a la tala ilegal e indiscriminada en la Sierra Tarahumara. Impulsaba con otros miembros de su comunidad, la nulidad del permiso de aprovechamiento de recursos forestales otorgado por la SEMARNAT a actores locales. Un d\u00eda antes del ataque el Tribunal Superior Agrario adopt\u00f3 una sentencia que reconoce los derechos territoriales a la comunidad de Choreachi y al municipio de Guadalupe y Calvo.<\/p>\n<\/div>\n<p><!-- {\"children\":[{\"type\":\"section\",\"props\":{\"style\":\"muted\",\"width\":\"\",\"vertical_align\":\"middle\",\"title_position\":\"top-left\",\"title_rotation\":\"left\",\"title_breakpoint\":\"xl\",\"image_position\":\"center-center\",\"padding_remove_bottom\":false},\"children\":[{\"type\":\"row\",\"props\":{\"width\":\"small\"},\"children\":[{\"type\":\"column\",\"props\":{\"image_position\":\"center-center\",\"media_overlay_gradient\":\"\",\"width_medium\":\"1-1\"},\"children\":[{\"type\":\"headline\",\"props\":{\"title_element\":\"h1\",\"title_style\":\"heading-small\",\"block_align\":\"center\",\"text_align\":\"center\",\"content\":\"\n\n<p class=\\\"p1\\\"><b>Juli\\u00e1n Carrillo Mart\\u00ednez<\\\/b><\\\/p>\"},\"source\":{\"props\":{},\"query\":{\"name\":\"posts.singlePost\"}}},{\"type\":\"headline\",\"props\":{\"title_element\":\"h3\",\"content\":\"\n\n<p class=\\\"p1\\\">Activista y defensor rar\\u00e1muri<\\\/p>\",\"text_align\":\"center\",\"margin_remove_top\":true,\"margin_remove_bottom\":false}}]}]},{\"type\":\"row\",\"children\":[{\"type\":\"column\",\"props\":{\"image_position\":\"center-center\",\"media_overlay_gradient\":\"\"},\"children\":[{\"type\":\"image\",\"props\":{\"margin\":\"default\",\"image_svg_color\":\"emphasis\",\"image_width\":\"auto\",\"image\":\"wp-content\\\/uploads\\\/2021\\\/12\\\/Julian-Carrillo-Mtz.jpg\",\"image_svg_inline\":false,\"text_align\":\"center\",\"image_box_decoration\":\"primary\",\"image_box_decoration_inverse\":false},\"source\":{\"props\":{\"image_alt\":{\"name\":\"featuredImage.alt\",\"filters\":{\"search\":\"\"}}},\"query\":{\"name\":\"posts.singlePost\"}}}]}]},{\"type\":\"row\",\"props\":{\"width\":\"xsmall\",\"margin\":\"large\"},\"children\":[{\"type\":\"column\",\"props\":{\"image_position\":\"center-center\",\"media_overlay_gradient\":\"\",\"width_medium\":\"1-1\"},\"children\":[{\"type\":\"text\",\"props\":{\"margin\":\"default\",\"column_breakpoint\":\"m\",\"content\":\"\n\n<ul>\\n\n\n<li><strong>Naci\\u00f3<\\\/strong> \\u2013 fecha desconocida.<\\\/li>\\n\n\n<li><strong>Muri\\u00f3<\\\/strong> el 24 de octubre de 2018. Fue asesinado por impactos de municiones de alto calibre en Chihuahua. Anteriormente hab\\u00edan sido asesinados otros 4 familiares por su activismo. Su familia ha recibido diversos tipos de agresiones y se han desplazado por temor.<\\\/li>\\n<\\\/ul>\\n\n\n<p><strong>La lucha de Juli\\u00e1n Carrillo Mart\\u00ednez<\\\/strong><\\\/p>\\n\n\n<p>Activista y defensor rar\\u00e1muri de la comunidad Coloradas de la Virgen, del municipio de Guadalupe y Calvo, Chihuahua. Era miembro de la Alianza Sierra Madre A.C. (ASMAC).<\\\/p>\\n\n\n<p>Fue una persona que dedic\\u00f3 su vida a la defensa del bosque y de su comunidad; se opon\\u00eda a la miner\\u00eda y a la tala ilegal e indiscriminada en la Sierra Tarahumara. Impulsaba con otros miembros de su comunidad, la nulidad del permiso de aprovechamiento de recursos forestales otorgado por la SEMARNAT a actores locales. Un d\\u00eda antes del ataque el Tribunal Superior Agrario adopt\\u00f3 una sentencia que reconoce los derechos territoriales a la comunidad de Choreachi y al municipio de Guadalupe y Calvo.<\\\/p>\",\"text_align\":\"justify\"},\"source\":{\"props\":{},\"query\":{\"name\":\"posts.singlePost\"}},\"name\":\"Juli\\u00e1n Carrillo Mart\\u00ednez\"}]}]}],\"name\":\"Post\",\"source\":{\"query\":{\"name\":\"posts.customPost\",\"arguments\":{\"id\":83}}}}],\"version\":\"2.1.2\",\"type\":\"layout\"} --><\/p>\n","protected":false},"excerpt":{"rendered":"<p>Juli\u00e1n Carrillo Mart\u00ednez Activista y defensor rar\u00e1muri Naci\u00f3 \u2013 fecha desconocida. Muri\u00f3 el 24 de octubre de 2018. Fue asesinado por impactos de municiones de alto calibre en Chihuahua. Anteriormente hab\u00edan sido asesinados otros 4 familiares por su activismo. Su familia ha recibido diversos tipos de agresiones y se han desplazado por temor. La lucha [&hellip;]<\/p>\n","protected":false},"author":1,"featured_media":0,"comment_status":"open","ping_status":"closed","sticky":false,"template":"","format":"standard","meta":[],"categories":[27],"tags":[],"acf":[],"_links":{"self":[{"href":"https:\/\/memorialecoactivistas.org\/index.php?rest_route=\/wp\/v2\/posts\/1956"}],"collection":[{"href":"https:\/\/memorialecoactivistas.org\/index.php?rest_route=\/wp\/v2\/posts"}],"about":[{"href":"https:\/\/memorialecoactivistas.org\/index.php?rest_route=\/wp\/v2\/types\/post"}],"author":[{"embeddable":true,"href":"https:\/\/memorialecoactivistas.org\/index.php?rest_route=\/wp\/v2\/users\/1"}],"replies":[{"embeddable":true,"href":"https:\/\/memorialecoactivistas.org\/index.php?rest_route=%2Fwp%2Fv2%2Fcomments&post=1956"}],"version-history":[{"count":12,"href":"https:\/\/memorialecoactivistas.org\/index.php?rest_route=\/wp\/v2\/posts\/1956\/revisions"}],"predecessor-version":[{"id":2231,"href":"https:\/\/memorialecoactivistas.org\/index.php?rest_route=\/wp\/v2\/posts\/1956\/revisions\/2231"}],"wp:attachment":[{"href":"https:\/\/memorialecoactivistas.org\/index.php?rest_route=%2Fwp%2Fv2%2Fmedia&parent=1956"}],"wp:term":[{"taxonomy":"category","embeddable":true,"href":"https:\/\/memorialecoactivistas.org\/index.php?rest_route=%2Fwp%2Fv2%2Fcategories&post=1956"},{"taxonomy":"post_tag","embeddable":true,"href":"https:\/\/memorialecoactivistas.org\/index.php?rest_route=%2Fwp%2Fv2%2Ftags&post=1956"}],"curies":[{"name":"wp","href":"https:\/\/api.w.org\/{rel}","templated":true}]}}